{"id":1899,"date":"2026-07-22T11:47:10","date_gmt":"2026-07-22T09:47:10","guid":{"rendered":"https:\/\/yadra.hu\/?p=1899"},"modified":"2026-07-22T12:02:01","modified_gmt":"2026-07-22T10:02:01","slug":"logo-keszites","status":"publish","type":"post","link":"https:\/\/yadra.hu\/en\/logo-keszites\/","title":{"rendered":"Log\u00f3 k\u00e9sz\u00edt\u00e9s: mit\u0151l lesz igaz\u00e1n j\u00f3 egy log\u00f3 2026-ban?"},"content":{"rendered":"<p class=\"wp-block-paragraph\">A log\u00f3 k\u00e9sz\u00edt\u00e9s sokak fej\u00e9ben m\u00e9g mindig egy egyszer\u0171 grafikai feladatk\u00e9nt \u00e9l. Egy ikon, egy bet\u0171t\u00edpus, n\u00e9h\u00e1ny sz\u00edn \u00e9s m\u00e1r k\u00e9sz is.<\/p>\n\n\n\n<p class=\"wp-block-paragraph\">Val\u00f3j\u00e1ban azonban egy j\u00f3l megtervezett log\u00f3 nem \u00f6nmag\u00e1ban \u00e9rt\u00e9kes. Att\u00f3l v\u00e1lik igaz\u00e1n j\u00f3v\u00e1, hogy hossz\u00fa t\u00e1von, k\u00fcl\u00f6nb\u00f6z\u0151 fel\u00fcleteken, k\u00fcl\u00f6nb\u00f6z\u0151 m\u00e9retekben \u00e9s k\u00fcl\u00f6nb\u00f6z\u0151 k\u00f6rnyezetben is ugyanazt a benyom\u00e1st kelti.<\/p>\n\n\n\n<p class=\"wp-block-paragraph\">\u00c9ppen ez\u00e9rt egy log\u00f3 tervez\u00e9se nem azzal kezd\u0151dik, hogy milyen form\u00e1t rajzolunk, hanem azzal, hogy meg\u00e9rtj\u00fck a m\u00e1rk\u00e1t.<\/p>\n\n\n\n<h2 class=\"wp-block-heading\">A log\u00f3 nem azt mondja el, mivel foglalkozol<\/h2>\n\n\n\n<p class=\"wp-block-paragraph\">Az egyik leggyakoribb t\u00e9vhit, hogy a log\u00f3nak el kell \u00e1rulnia, mivel foglalkozik egy v\u00e1llalkoz\u00e1s.<\/p>\n\n\n\n<p class=\"wp-block-paragraph\">Pedig ez ritk\u00e1n igaz.<\/p>\n\n\n\n<p class=\"wp-block-paragraph\">Egy j\u00f3 log\u00f3 els\u0151dleges feladata nem az inform\u00e1ci\u00f3\u00e1tad\u00e1s, hanem a megk\u00fcl\u00f6nb\u00f6ztet\u00e9s.<\/p>\n\n\n\n<p class=\"wp-block-paragraph\">Ha minden fodr\u00e1sz oll\u00f3t, minden fot\u00f3s f\u00e9nyk\u00e9pez\u0151g\u00e9pet, minden villanyszerel\u0151 vill\u00e1mot haszn\u00e1lna, n\u00e9h\u00e1ny m\u00e1sodperc alatt teljesen \u00f6sszemos\u00f3dn\u00e1nak a m\u00e1rk\u00e1k.<\/p>\n\n\n\n<p class=\"wp-block-paragraph\">A log\u00f3 nem egy illusztr\u00e1ci\u00f3.<\/p>\n\n\n\n<p class=\"wp-block-paragraph\">Nem egy rekl\u00e1m.<\/p>\n\n\n\n<p class=\"wp-block-paragraph\">Nem egy piktogram.<\/p>\n\n\n\n<p class=\"wp-block-paragraph\">Egy vizu\u00e1lis azonos\u00edt\u00f3.<\/p>\n\n\n\n<p class=\"wp-block-paragraph\">A v\u00e1llalkoz\u00e1sod t\u00f6rt\u00e9net\u00e9t, \u00e9rt\u00e9keit \u00e9s hangulat\u00e1t sokkal ink\u00e1bb az arculat eg\u00e9sze k\u00f6zvet\u00edti: a sz\u00ednek, a tipogr\u00e1fia, a fot\u00f3k, a grafikai elemek \u00e9s a kommunik\u00e1ci\u00f3 egy\u00fctt alak\u00edtj\u00e1k ki azt az \u00e9lm\u00e9nyt, amire az emberek eml\u00e9kezni fognak.<\/p>\n\n\n\n<h2 class=\"wp-block-heading\">A log\u00f3 \u00f6nmag\u00e1ban nem \u00e9p\u00edt m\u00e1rk\u00e1t<\/h2>\n\n\n\n<p class=\"wp-block-paragraph\">Sokan \u00fagy gondolnak a log\u00f3ra, mint a v\u00e1llalkoz\u00e1s legfontosabb elem\u00e9re.<\/p>\n\n\n\n<p class=\"wp-block-paragraph\">Val\u00f3j\u00e1ban csak az els\u0151 \u00e9p\u00edt\u0151kocka.<\/p>\n\n\n\n<p class=\"wp-block-paragraph\">Egy j\u00f3l m\u0171k\u00f6d\u0151 m\u00e1rk\u00e1t az egys\u00e9ges vizu\u00e1lis rendszer tesz felismerhet\u0151v\u00e9.<\/p>\n\n\n\n<p class=\"wp-block-paragraph\">Ide tartozik p\u00e9ld\u00e1ul:<\/p>\n\n\n\n<ul class=\"wp-block-list\">\n<li>a sz\u00ednpaletta,<\/li>\n\n\n\n<li>a bet\u0171t\u00edpusok,<\/li>\n\n\n\n<li>az ikonok,<\/li>\n\n\n\n<li>a grafikai mot\u00edvumok,<\/li>\n\n\n\n<li>a k\u00e9pi vil\u00e1g,<\/li>\n\n\n\n<li>valamint az, hogy ezek minden fel\u00fcleten k\u00f6vetkezetesen jelennek meg.<\/li>\n<\/ul>\n\n\n\n<p class=\"wp-block-paragraph\">Ett\u0151l \u00e9rzed azt, hogy egy m\u00e1rka &#8220;egyben van&#8221;. Nem att\u00f3l, hogy sz\u00e9p a log\u00f3ja.<\/p>\n\n\n\n<h2 class=\"wp-block-heading\">Mi\u00e9rt k\u00e9sz\u00fcl t\u00f6bb log\u00f3v\u00e1ltozat?<\/h2>\n\n\n\n<p class=\"wp-block-paragraph\">Ez az a pont, ahol sok v\u00e1llalkoz\u00f3 meglep\u0151dik.<\/p>\n\n\n\n<p class=\"wp-block-paragraph\">Azt gondolj\u00e1k, hogy egy log\u00f3 egyetlen f\u00e1jl.<\/p>\n\n\n\n<p class=\"wp-block-paragraph\">Pedig val\u00f3j\u00e1ban egy j\u00f3l haszn\u00e1lhat\u00f3 log\u00f3csomag t\u00f6bb v\u00e1ltozatb\u00f3l \u00e1ll.<\/p>\n\n\n\n<p class=\"wp-block-paragraph\">Ennek nagyon egyszer\u0171 oka van.<\/p>\n\n\n\n<p class=\"wp-block-paragraph\">Egy weboldal fejl\u00e9c\u00e9ben \u00e1ltal\u00e1ban egy v\u00edzszintes log\u00f3 m\u0171k\u00f6dik j\u00f3l. Instagramon vagy TikTokon m\u00e1r egy n\u00e9gyzetes profilk\u00e9p v\u00e1rja a log\u00f3t. Egy favicon n\u00e9h\u00e1ny pixelb\u0151l \u00e1ll. Egy toll grav\u00edroz\u00e1s\u00e1ra eg\u00e9szen m\u00e1s elrendez\u00e9s sz\u00fcks\u00e9ges, mint egy molin\u00f3ra vagy egy csomagol\u00e1sra.<\/p>\n\n\n\n<p class=\"wp-block-paragraph\">Ez\u00e9rt k\u00e9sz\u00fclhet p\u00e9ld\u00e1ul:<\/p>\n\n\n\n<ul class=\"wp-block-list\">\n<li>v\u00edzszintes log\u00f3,<\/li>\n\n\n\n<li>\u00e1ll\u00f3 elrendez\u00e9s,<\/li>\n\n\n\n<li>ikonv\u00e1ltozat,<\/li>\n\n\n\n<li>csak sz\u00f3log\u00f3 (wordmark).<\/li>\n<\/ul>\n\n\n\n<p class=\"wp-block-paragraph\">Nem az\u00e9rt, hogy t\u00f6bb f\u00e1jlt kapj.<\/p>\n\n\n\n<p class=\"wp-block-paragraph\">Hanem az\u00e9rt, hogy minden fel\u00fcleten ugyanazt a m\u00e1rk\u00e1t k\u00e9pviselje.<\/p>\n\n\n\n<h2 class=\"wp-block-heading\">Mi\u00e9rt van sz\u00fcks\u00e9g t\u00f6bb sz\u00ednv\u00e1ltozatra?<\/h2>\n\n\n\n<p class=\"wp-block-paragraph\">A log\u00f3 nem mindig feh\u00e9r h\u00e1tt\u00e9ren jelenik meg. El\u0151fordulhat, hogy s\u00f6t\u00e9t csomagol\u00e1sra ker\u00fcl. Lehet, hogy egy fot\u00f3ra kell r\u00e1helyezni. Vagy egyetlen sz\u00ednnel kell nyomtatni.<\/p>\n\n\n\n<p class=\"wp-block-paragraph\">Ez\u00e9rt k\u00e9sz\u00fclnek k\u00fcl\u00f6nb\u00f6z\u0151 verzi\u00f3k:<\/p>\n\n\n\n<ul class=\"wp-block-list\">\n<li>sz\u00ednes,<\/li>\n\n\n\n<li>fekete,<\/li>\n\n\n\n<li>feh\u00e9r,<\/li>\n\n\n\n<li>egysz\u00edn\u0171.<\/li>\n<\/ul>\n\n\n\n<p class=\"wp-block-paragraph\">A megfelel\u0151 kontraszt nem csup\u00e1n eszt\u00e9tikai k\u00e9rd\u00e9s. Hanem az olvashat\u00f3s\u00e1g \u00e9s a felismerhet\u0151s\u00e9g alapja.<\/p>\n\n\n\n<h2 class=\"wp-block-heading\">A vektoros log\u00f3 nem extra szolg\u00e1ltat\u00e1s<\/h2>\n\n\n\n<p class=\"wp-block-paragraph\">Sokan csak akkor tal\u00e1lkoznak ezzel a fogalommal, amikor egy nyomda elk\u00e9ri az eredeti f\u00e1jlokat. A vektoros log\u00f3 az\u00e9rt fontos, mert b\u00e1rmilyen m\u00e9retre nagy\u00edthat\u00f3 min\u0151s\u00e9groml\u00e1s n\u00e9lk\u00fcl. Ugyanaz a f\u00e1jl haszn\u00e1lhat\u00f3 n\u00e9vjegyk\u00e1rty\u00e1n, p\u00f3l\u00f3n, aut\u00f3f\u00f3li\u00e1n vagy ak\u00e1r egy t\u00f6bb m\u00e9teres molin\u00f3n is. Ha egy log\u00f3 csak kis felbont\u00e1s\u00fa k\u00e9pk\u00e9nt l\u00e9tezik, el\u0151bb-ut\u00f3bb biztosan probl\u00e9m\u00e1t fog okozni.<\/p>\n\n\n\n<h2 class=\"wp-block-heading\">Az egyszer\u0171s\u00e9g nem egyenl\u0151 az unalmassal<\/h2>\n\n\n\n<p class=\"wp-block-paragraph\">A legjobb log\u00f3k \u00e1ltal\u00e1ban nem a legbonyolultabbak.<\/p>\n\n\n\n<p class=\"wp-block-paragraph\">Az egyszer\u0171s\u00e9g tudatos d\u00f6nt\u00e9s. Egy t\u00fal r\u00e9szletes log\u00f3 elvesz\u00edti az erej\u00e9t kis m\u00e9retben. Nehezebben felismerhet\u0151.<\/p>\n\n\n\n<p class=\"wp-block-paragraph\">Kev\u00e9sb\u00e9 marad meg az emberek eml\u00e9kezet\u00e9ben.<\/p>\n\n\n\n<p class=\"wp-block-paragraph\">A j\u00f3 log\u00f3 nem az\u00e9rt egyszer\u0171, mert kev\u00e9s munka van benne. Hanem az\u00e9rt, mert minden felesleges elemet elhagytunk bel\u0151le.<\/p>\n\n\n\n<h2 class=\"wp-block-heading\">Az \u00fcgyf\u00e9l sokszor nem log\u00f3t keres<\/h2>\n\n\n\n<p class=\"wp-block-paragraph\">Ez tal\u00e1n a log\u00f3tervez\u00e9s leg\u00e9rdekesebb r\u00e9sze. Sokszor \u00fagy kezd\u0151dik egy projekt, hogy az \u00fcgyf\u00e9l pontos elk\u00e9pzel\u00e9sekkel \u00e9rkezik.<\/p>\n\n\n\n<p class=\"wp-block-paragraph\">A kedvenc sz\u00edn\u00e9t szeretn\u00e9 haszn\u00e1lni. Van elk\u00e9pzelt ikonja. Van egy forma, amit mindenk\u00e9ppen szeretne.<\/p>\n\n\n\n<p class=\"wp-block-paragraph\">N\u00e9h\u00e1ny besz\u00e9lget\u00e9s ut\u00e1n azonban gyakran kider\u00fcl, hogy val\u00f3j\u00e1ban nem ezeket keresi. Hanem szeretne megb\u00edzhat\u00f3bbnak t\u0171nni. Pr\u00e9mium szolg\u00e1ltat\u00e1st sugallni. Kit\u0171nni a versenyt\u00e1rsak k\u00f6z\u00fcl. Magabiztosabb megjelen\u00e9st kialak\u00edtani. A log\u00f3 ezeknek a c\u00e9loknak az egyik eszk\u00f6ze. Nem maga a c\u00e9l.<\/p>\n\n\n\n<p class=\"wp-block-paragraph\">\u00c9ppen ez\u00e9rt egy j\u00f3 log\u00f3tervez\u00e9si folyamat nem a rajzol\u00e1ssal kezd\u0151dik, hanem k\u00e9rd\u00e9sekkel.<\/p>\n\n\n\n<h2 class=\"wp-block-heading\">Egy j\u00f3 log\u00f3 hossz\u00fa t\u00e1vra k\u00e9sz\u00fcl<\/h2>\n\n\n\n<p class=\"wp-block-paragraph\">Persze vannak kiv\u00e9telek.<\/p>\n\n\n\n<p class=\"wp-block-paragraph\">Egy kamp\u00e1ny, egy pop-up esem\u00e9ny vagy egy szezon\u00e1lis projekt eset\u00e9ben teljesen m\u00e1s szempontok \u00e9rv\u00e9nyes\u00fclhetnek.<\/p>\n\n\n\n<p class=\"wp-block-paragraph\">A legt\u00f6bb v\u00e1llalkoz\u00e1s azonban \u00e9vekig haszn\u00e1lja ugyanazt a log\u00f3t.<\/p>\n\n\n\n<p class=\"wp-block-paragraph\">Ez\u00e9rt fontos, hogy ne egy pillanatnyi trendet k\u00f6vessen, hanem id\u0151t\u00e1ll\u00f3 alapokra \u00e9p\u00fclj\u00f6n.<\/p>\n\n\n\n<p class=\"wp-block-paragraph\">Egy j\u00f3l megtervezett log\u00f3 \u00f6t vagy ak\u00e1r t\u00edz \u00e9v m\u00falva is ugyanolyan j\u00f3l m\u0171k\u00f6dhet.<\/p>\n\n\n\n<h2 class=\"wp-block-heading\">\u00d6sszegz\u00e9s<\/h2>\n\n\n\n<p class=\"wp-block-paragraph\">A log\u00f3 k\u00e9sz\u00edt\u00e9s nem egyetlen grafika elk\u00e9sz\u00edt\u00e9s\u00e9r\u0151l sz\u00f3l.<\/p>\n\n\n\n<p class=\"wp-block-paragraph\">Egy j\u00f3l m\u0171k\u00f6d\u0151 log\u00f3 felismerhet\u0151, megk\u00fcl\u00f6nb\u00f6ztethet\u0151, t\u00f6bb m\u00e9retben \u00e9s t\u00f6bb fel\u00fcleten is haszn\u00e1lhat\u00f3, rendelkezik k\u00fcl\u00f6nb\u00f6z\u0151 elrendez\u00e9sekkel \u00e9s sz\u00ednv\u00e1ltozatokkal, valamint egy \u00e1tgondolt arculati rendszer r\u00e9szek\u00e9nt t\u00e1mogatja a m\u00e1rk\u00e1t.<\/p>\n\n\n\n<p class=\"wp-block-paragraph\">A val\u00f3di \u00e9rt\u00e9k nem abban rejlik, hogy egy log\u00f3 \u00f6nmag\u00e1ban mennyire l\u00e1tv\u00e1nyos.<\/p>\n\n\n\n<p class=\"wp-block-paragraph\">Hanem abban, hogy \u00e9veken kereszt\u00fcl k\u00f6vetkezetesen k\u00e9pviseli a v\u00e1llalkoz\u00e1sodat.<\/p>\n\n\n\n<hr class=\"wp-block-separator has-alpha-channel-opacity\"\/>\n\n\n\n<h2 class=\"wp-block-heading\">\u00cdgy n\u00e9z ki a gyakorlatban<\/h2>\n\n\n\n<p class=\"wp-block-paragraph\">Egy kor\u00e1bbi projektemn\u00e9l a c\u00e9l egy letisztult, pr\u00e9mium hangulat\u00fa m\u00e1rka megalkot\u00e1sa volt. A v\u00e9gs\u0151 log\u00f3 \u00f6nmag\u00e1ban egyszer\u0171, m\u00e9gis karakteres. Az igazi erej\u00e9t azonban akkor mutatja meg, amikor a megfelel\u0151 tipogr\u00e1fi\u00e1val, sz\u00ednekkel, fot\u00f3st\u00edlussal \u00e9s egys\u00e9ges arculati elemekkel egy\u00fctt jelenik meg.<\/p>\n\n\n\n<p class=\"wp-block-paragraph\">Ha k\u00edv\u00e1ncsi vagy tov\u00e1bbi munk\u00e1imra, n\u00e9zd meg a\u00a0<strong><a href=\"https:\/\/yadra.hu\/en\/#munkaim\" data-type=\"link\" data-id=\"yadra.hu\/#munkaim\">referenci\u00e1imat<\/a><\/strong>, vagy k\u00f6vess\u00a0<strong><a href=\"https:\/\/tiktok.com\/@yadra.studio\" data-type=\"link\" data-id=\"tiktok.com\/@yadra.studio\">TikTokon<\/a><\/strong>, ahol rendszeresen betekint\u00e9st mutatok a tervez\u00e9si folyamatokba \u00e9s az elk\u00e9sz\u00fclt arculatok vil\u00e1g\u00e1ba.<\/p>","protected":false},"excerpt":{"rendered":"<p>A log\u00f3 k\u00e9sz\u00edt\u00e9s sokak fej\u00e9ben m\u00e9g mindig egy egyszer\u0171 grafikai feladatk\u00e9nt \u00e9l. Egy ikon, egy bet\u0171t\u00edpus, n\u00e9h\u00e1ny sz\u00edn \u00e9s m\u00e1r k\u00e9sz is. Val\u00f3j\u00e1ban azonban egy j\u00f3l megtervezett log\u00f3 nem \u00f6nmag\u00e1ban \u00e9rt\u00e9kes. Att\u00f3l v\u00e1lik igaz\u00e1n j\u00f3v\u00e1, hogy hossz\u00fa t\u00e1von, k\u00fcl\u00f6nb\u00f6z\u0151 fel\u00fcleteken, k\u00fcl\u00f6nb\u00f6z\u0151 m\u00e9retekben \u00e9s k\u00fcl\u00f6nb\u00f6z\u0151 k\u00f6rnyezetben is ugyanazt a benyom\u00e1st kelti. \u00c9ppen ez\u00e9rt egy log\u00f3 tervez\u00e9se [&hellip;]<\/p>\n","protected":false},"author":1,"featured_media":1900,"comment_status":"open","ping_status":"open","sticky":false,"template":"","format":"standard","meta":{"footnotes":""},"categories":[1],"tags":[],"class_list":["post-1899","post","type-post","status-publish","format-standard","has-post-thumbnail","hentry","category-egyeb"],"yoast_head":"<!-- This site is optimized with the Yoast SEO plugin v28.3 - https:\/\/yoast.com\/product\/yoast-seo-wordpress\/ -->\n<title>Log\u00f3 k\u00e9sz\u00edt\u00e9s: mit\u0151l lesz igaz\u00e1n j\u00f3 egy log\u00f3 2026-ban? | Yadra<\/title>\n<meta name=\"description\" content=\"A log\u00f3 k\u00e9sz\u00edt\u00e9s t\u00f6bb, mint egy sz\u00e9p grafika. N\u00e9zz\u00fck, mit\u0151l lesz egy log\u00f3 val\u00f3ban haszn\u00e1lhat\u00f3, id\u0151t\u00e1ll\u00f3 \u00e9s a m\u00e1rk\u00e1d egyik leger\u0151sebb eszk\u00f6ze.\" \/>\n<meta name=\"robots\" content=\"index, follow, max-snippet:-1, max-image-preview:large, max-video-preview:-1\" \/>\n<link rel=\"canonical\" href=\"https:\/\/yadra.hu\/en\/logo-keszites\/\" \/>\n<meta property=\"og:locale\" content=\"en_US\" \/>\n<meta property=\"og:type\" content=\"article\" \/>\n<meta property=\"og:title\" content=\"Log\u00f3 k\u00e9sz\u00edt\u00e9s: mit\u0151l lesz igaz\u00e1n j\u00f3 egy log\u00f3 2026-ban? | Yadra\" \/>\n<meta property=\"og:description\" content=\"A log\u00f3 k\u00e9sz\u00edt\u00e9s t\u00f6bb, mint egy sz\u00e9p grafika. N\u00e9zz\u00fck, mit\u0151l lesz egy log\u00f3 val\u00f3ban haszn\u00e1lhat\u00f3, id\u0151t\u00e1ll\u00f3 \u00e9s a m\u00e1rk\u00e1d egyik leger\u0151sebb eszk\u00f6ze.\" \/>\n<meta property=\"og:url\" content=\"https:\/\/yadra.hu\/en\/logo-keszites\/\" \/>\n<meta property=\"og:site_name\" content=\"Yadra\" \/>\n<meta property=\"article:author\" content=\"https:\/\/www.facebook.com\/profile.php?id=61583618986605\" \/>\n<meta property=\"article:published_time\" content=\"2026-07-22T09:47:10+00:00\" \/>\n<meta property=\"article:modified_time\" content=\"2026-07-22T10:02:01+00:00\" \/>\n<meta property=\"og:image\" content=\"https:\/\/yadra.hu\/wp-content\/uploads\/2026\/07\/cala-final-final-1024x611.png\" \/>\n\t<meta property=\"og:image:width\" content=\"1024\" \/>\n\t<meta property=\"og:image:height\" content=\"611\" \/>\n\t<meta property=\"og:image:type\" content=\"image\/png\" \/>\n<meta name=\"author\" content=\"Adrienn Giay\" \/>\n<meta name=\"twitter:card\" content=\"summary_large_image\" \/>\n<meta name=\"twitter:label1\" content=\"Written by\" \/>\n\t<meta name=\"twitter:data1\" content=\"Adrienn Giay\" \/>\n\t<meta name=\"twitter:label2\" content=\"Est. reading time\" \/>\n\t<meta name=\"twitter:data2\" content=\"5 minutes\" \/>\n<script type=\"application\/ld+json\" class=\"yoast-schema-graph\">{\"@context\":\"https:\\\/\\\/schema.org\",\"@graph\":[{\"@type\":\"Article\",\"@id\":\"https:\\\/\\\/yadra.hu\\\/logo-keszites\\\/#article\",\"isPartOf\":{\"@id\":\"https:\\\/\\\/yadra.hu\\\/logo-keszites\\\/\"},\"author\":{\"name\":\"Adrienn Giay\",\"@id\":\"https:\\\/\\\/yadra.hu\\\/#\\\/schema\\\/person\\\/cabe01be9c7eb71c3c49f6db08833462\"},\"headline\":\"Log\u00f3 k\u00e9sz\u00edt\u00e9s: mit\u0151l lesz igaz\u00e1n j\u00f3 egy log\u00f3 2026-ban?\",\"datePublished\":\"2026-07-22T09:47:10+00:00\",\"dateModified\":\"2026-07-22T10:02:01+00:00\",\"mainEntityOfPage\":{\"@id\":\"https:\\\/\\\/yadra.hu\\\/logo-keszites\\\/\"},\"wordCount\":1213,\"commentCount\":0,\"publisher\":{\"@id\":\"https:\\\/\\\/yadra.hu\\\/#organization\"},\"image\":{\"@id\":\"https:\\\/\\\/yadra.hu\\\/logo-keszites\\\/#primaryimage\"},\"thumbnailUrl\":\"https:\\\/\\\/yadra.hu\\\/wp-content\\\/uploads\\\/2026\\\/07\\\/cala-final-final-scaled.png\",\"articleSection\":[\"Egy\u00e9b\"],\"inLanguage\":\"en-US\",\"potentialAction\":[{\"@type\":\"CommentAction\",\"name\":\"Comment\",\"target\":[\"https:\\\/\\\/yadra.hu\\\/logo-keszites\\\/#respond\"]}]},{\"@type\":\"WebPage\",\"@id\":\"https:\\\/\\\/yadra.hu\\\/logo-keszites\\\/\",\"url\":\"https:\\\/\\\/yadra.hu\\\/logo-keszites\\\/\",\"name\":\"Log\u00f3 k\u00e9sz\u00edt\u00e9s: mit\u0151l lesz igaz\u00e1n j\u00f3 egy log\u00f3 2026-ban? | Yadra\",\"isPartOf\":{\"@id\":\"https:\\\/\\\/yadra.hu\\\/#website\"},\"primaryImageOfPage\":{\"@id\":\"https:\\\/\\\/yadra.hu\\\/logo-keszites\\\/#primaryimage\"},\"image\":{\"@id\":\"https:\\\/\\\/yadra.hu\\\/logo-keszites\\\/#primaryimage\"},\"thumbnailUrl\":\"https:\\\/\\\/yadra.hu\\\/wp-content\\\/uploads\\\/2026\\\/07\\\/cala-final-final-scaled.png\",\"datePublished\":\"2026-07-22T09:47:10+00:00\",\"dateModified\":\"2026-07-22T10:02:01+00:00\",\"description\":\"A log\u00f3 k\u00e9sz\u00edt\u00e9s t\u00f6bb, mint egy sz\u00e9p grafika. N\u00e9zz\u00fck, mit\u0151l lesz egy log\u00f3 val\u00f3ban haszn\u00e1lhat\u00f3, id\u0151t\u00e1ll\u00f3 \u00e9s a m\u00e1rk\u00e1d egyik leger\u0151sebb eszk\u00f6ze.\",\"breadcrumb\":{\"@id\":\"https:\\\/\\\/yadra.hu\\\/logo-keszites\\\/#breadcrumb\"},\"inLanguage\":\"en-US\",\"potentialAction\":[{\"@type\":\"ReadAction\",\"target\":[\"https:\\\/\\\/yadra.hu\\\/logo-keszites\\\/\"]}]},{\"@type\":\"ImageObject\",\"inLanguage\":\"en-US\",\"@id\":\"https:\\\/\\\/yadra.hu\\\/logo-keszites\\\/#primaryimage\",\"url\":\"https:\\\/\\\/yadra.hu\\\/wp-content\\\/uploads\\\/2026\\\/07\\\/cala-final-final-scaled.png\",\"contentUrl\":\"https:\\\/\\\/yadra.hu\\\/wp-content\\\/uploads\\\/2026\\\/07\\\/cala-final-final-scaled.png\",\"width\":2560,\"height\":1527},{\"@type\":\"BreadcrumbList\",\"@id\":\"https:\\\/\\\/yadra.hu\\\/logo-keszites\\\/#breadcrumb\",\"itemListElement\":[{\"@type\":\"ListItem\",\"position\":1,\"name\":\"Kezd\u0151lap\",\"item\":\"https:\\\/\\\/yadra.hu\\\/\"},{\"@type\":\"ListItem\",\"position\":2,\"name\":\"Log\u00f3 k\u00e9sz\u00edt\u00e9s: mit\u0151l lesz igaz\u00e1n j\u00f3 egy log\u00f3 2026-ban?\"}]},{\"@type\":\"WebSite\",\"@id\":\"https:\\\/\\\/yadra.hu\\\/#website\",\"url\":\"https:\\\/\\\/yadra.hu\\\/\",\"name\":\"Yadra\",\"description\":\"Min\u0151s\u00e9gi weboldal, a m\u00e1rk\u00e1d st\u00edlus\u00e1ra szabva\",\"publisher\":{\"@id\":\"https:\\\/\\\/yadra.hu\\\/#organization\"},\"potentialAction\":[{\"@type\":\"SearchAction\",\"target\":{\"@type\":\"EntryPoint\",\"urlTemplate\":\"https:\\\/\\\/yadra.hu\\\/?s={search_term_string}\"},\"query-input\":{\"@type\":\"PropertyValueSpecification\",\"valueRequired\":true,\"valueName\":\"search_term_string\"}}],\"inLanguage\":\"en-US\"},{\"@type\":\"Organization\",\"@id\":\"https:\\\/\\\/yadra.hu\\\/#organization\",\"name\":\"Yadra\",\"url\":\"https:\\\/\\\/yadra.hu\\\/\",\"logo\":{\"@type\":\"ImageObject\",\"inLanguage\":\"en-US\",\"@id\":\"https:\\\/\\\/yadra.hu\\\/#\\\/schema\\\/logo\\\/image\\\/\",\"url\":\"https:\\\/\\\/yadra.hu\\\/wp-content\\\/uploads\\\/2025\\\/05\\\/yadra-logo.svg\",\"contentUrl\":\"https:\\\/\\\/yadra.hu\\\/wp-content\\\/uploads\\\/2025\\\/05\\\/yadra-logo.svg\",\"caption\":\"Yadra\"},\"image\":{\"@id\":\"https:\\\/\\\/yadra.hu\\\/#\\\/schema\\\/logo\\\/image\\\/\"}},{\"@type\":\"Person\",\"@id\":\"https:\\\/\\\/yadra.hu\\\/#\\\/schema\\\/person\\\/cabe01be9c7eb71c3c49f6db08833462\",\"name\":\"Adrienn Giay\",\"image\":{\"@type\":\"ImageObject\",\"inLanguage\":\"en-US\",\"@id\":\"https:\\\/\\\/secure.gravatar.com\\\/avatar\\\/e49e40fca94d64cefb0345265b43635448a57214f7cfe8ccf331645c33b2cb32?s=96&d=mm&r=g\",\"url\":\"https:\\\/\\\/secure.gravatar.com\\\/avatar\\\/e49e40fca94d64cefb0345265b43635448a57214f7cfe8ccf331645c33b2cb32?s=96&d=mm&r=g\",\"contentUrl\":\"https:\\\/\\\/secure.gravatar.com\\\/avatar\\\/e49e40fca94d64cefb0345265b43635448a57214f7cfe8ccf331645c33b2cb32?s=96&d=mm&r=g\",\"caption\":\"Adrienn Giay\"},\"sameAs\":[\"https:\\\/\\\/yadra.hu\",\"https:\\\/\\\/www.facebook.com\\\/profile.php?id=61583618986605\"],\"url\":\"https:\\\/\\\/yadra.hu\\\/en\\\/author\\\/adrigiay\\\/\"}]}<\/script>\n<!-- \/ Yoast SEO plugin. -->","yoast_head_json":{"title":"Log\u00f3 k\u00e9sz\u00edt\u00e9s: mit\u0151l lesz igaz\u00e1n j\u00f3 egy log\u00f3 2026-ban? | Yadra","description":"A log\u00f3 k\u00e9sz\u00edt\u00e9s t\u00f6bb, mint egy sz\u00e9p grafika. N\u00e9zz\u00fck, mit\u0151l lesz egy log\u00f3 val\u00f3ban haszn\u00e1lhat\u00f3, id\u0151t\u00e1ll\u00f3 \u00e9s a m\u00e1rk\u00e1d egyik leger\u0151sebb eszk\u00f6ze.","robots":{"index":"index","follow":"follow","max-snippet":"max-snippet:-1","max-image-preview":"max-image-preview:large","max-video-preview":"max-video-preview:-1"},"canonical":"https:\/\/yadra.hu\/en\/logo-keszites\/","og_locale":"en_US","og_type":"article","og_title":"Log\u00f3 k\u00e9sz\u00edt\u00e9s: mit\u0151l lesz igaz\u00e1n j\u00f3 egy log\u00f3 2026-ban? | Yadra","og_description":"A log\u00f3 k\u00e9sz\u00edt\u00e9s t\u00f6bb, mint egy sz\u00e9p grafika. N\u00e9zz\u00fck, mit\u0151l lesz egy log\u00f3 val\u00f3ban haszn\u00e1lhat\u00f3, id\u0151t\u00e1ll\u00f3 \u00e9s a m\u00e1rk\u00e1d egyik leger\u0151sebb eszk\u00f6ze.","og_url":"https:\/\/yadra.hu\/en\/logo-keszites\/","og_site_name":"Yadra","article_author":"https:\/\/www.facebook.com\/profile.php?id=61583618986605","article_published_time":"2026-07-22T09:47:10+00:00","article_modified_time":"2026-07-22T10:02:01+00:00","og_image":[{"width":1024,"height":611,"url":"https:\/\/yadra.hu\/wp-content\/uploads\/2026\/07\/cala-final-final-1024x611.png","type":"image\/png"}],"author":"Adrienn Giay","twitter_card":"summary_large_image","twitter_misc":{"Written by":"Adrienn Giay","Est. reading time":"5 minutes"},"schema":{"@context":"https:\/\/schema.org","@graph":[{"@type":"Article","@id":"https:\/\/yadra.hu\/logo-keszites\/#article","isPartOf":{"@id":"https:\/\/yadra.hu\/logo-keszites\/"},"author":{"name":"Adrienn Giay","@id":"https:\/\/yadra.hu\/#\/schema\/person\/cabe01be9c7eb71c3c49f6db08833462"},"headline":"Log\u00f3 k\u00e9sz\u00edt\u00e9s: mit\u0151l lesz igaz\u00e1n j\u00f3 egy log\u00f3 2026-ban?","datePublished":"2026-07-22T09:47:10+00:00","dateModified":"2026-07-22T10:02:01+00:00","mainEntityOfPage":{"@id":"https:\/\/yadra.hu\/logo-keszites\/"},"wordCount":1213,"commentCount":0,"publisher":{"@id":"https:\/\/yadra.hu\/#organization"},"image":{"@id":"https:\/\/yadra.hu\/logo-keszites\/#primaryimage"},"thumbnailUrl":"https:\/\/yadra.hu\/wp-content\/uploads\/2026\/07\/cala-final-final-scaled.png","articleSection":["Egy\u00e9b"],"inLanguage":"en-US","potentialAction":[{"@type":"CommentAction","name":"Comment","target":["https:\/\/yadra.hu\/logo-keszites\/#respond"]}]},{"@type":"WebPage","@id":"https:\/\/yadra.hu\/logo-keszites\/","url":"https:\/\/yadra.hu\/logo-keszites\/","name":"Log\u00f3 k\u00e9sz\u00edt\u00e9s: mit\u0151l lesz igaz\u00e1n j\u00f3 egy log\u00f3 2026-ban? | Yadra","isPartOf":{"@id":"https:\/\/yadra.hu\/#website"},"primaryImageOfPage":{"@id":"https:\/\/yadra.hu\/logo-keszites\/#primaryimage"},"image":{"@id":"https:\/\/yadra.hu\/logo-keszites\/#primaryimage"},"thumbnailUrl":"https:\/\/yadra.hu\/wp-content\/uploads\/2026\/07\/cala-final-final-scaled.png","datePublished":"2026-07-22T09:47:10+00:00","dateModified":"2026-07-22T10:02:01+00:00","description":"A log\u00f3 k\u00e9sz\u00edt\u00e9s t\u00f6bb, mint egy sz\u00e9p grafika. N\u00e9zz\u00fck, mit\u0151l lesz egy log\u00f3 val\u00f3ban haszn\u00e1lhat\u00f3, id\u0151t\u00e1ll\u00f3 \u00e9s a m\u00e1rk\u00e1d egyik leger\u0151sebb eszk\u00f6ze.","breadcrumb":{"@id":"https:\/\/yadra.hu\/logo-keszites\/#breadcrumb"},"inLanguage":"en-US","potentialAction":[{"@type":"ReadAction","target":["https:\/\/yadra.hu\/logo-keszites\/"]}]},{"@type":"ImageObject","inLanguage":"en-US","@id":"https:\/\/yadra.hu\/logo-keszites\/#primaryimage","url":"https:\/\/yadra.hu\/wp-content\/uploads\/2026\/07\/cala-final-final-scaled.png","contentUrl":"https:\/\/yadra.hu\/wp-content\/uploads\/2026\/07\/cala-final-final-scaled.png","width":2560,"height":1527},{"@type":"BreadcrumbList","@id":"https:\/\/yadra.hu\/logo-keszites\/#breadcrumb","itemListElement":[{"@type":"ListItem","position":1,"name":"Kezd\u0151lap","item":"https:\/\/yadra.hu\/"},{"@type":"ListItem","position":2,"name":"Log\u00f3 k\u00e9sz\u00edt\u00e9s: mit\u0151l lesz igaz\u00e1n j\u00f3 egy log\u00f3 2026-ban?"}]},{"@type":"WebSite","@id":"https:\/\/yadra.hu\/#website","url":"https:\/\/yadra.hu\/","name":"Yadra","description":"Min\u0151s\u00e9gi weboldal, a m\u00e1rk\u00e1d st\u00edlus\u00e1ra szabva","publisher":{"@id":"https:\/\/yadra.hu\/#organization"},"potentialAction":[{"@type":"SearchAction","target":{"@type":"EntryPoint","urlTemplate":"https:\/\/yadra.hu\/?s={search_term_string}"},"query-input":{"@type":"PropertyValueSpecification","valueRequired":true,"valueName":"search_term_string"}}],"inLanguage":"en-US"},{"@type":"Organization","@id":"https:\/\/yadra.hu\/#organization","name":"Yadra","url":"https:\/\/yadra.hu\/","logo":{"@type":"ImageObject","inLanguage":"en-US","@id":"https:\/\/yadra.hu\/#\/schema\/logo\/image\/","url":"https:\/\/yadra.hu\/wp-content\/uploads\/2025\/05\/yadra-logo.svg","contentUrl":"https:\/\/yadra.hu\/wp-content\/uploads\/2025\/05\/yadra-logo.svg","caption":"Yadra"},"image":{"@id":"https:\/\/yadra.hu\/#\/schema\/logo\/image\/"}},{"@type":"Person","@id":"https:\/\/yadra.hu\/#\/schema\/person\/cabe01be9c7eb71c3c49f6db08833462","name":"Adrienn Giay","image":{"@type":"ImageObject","inLanguage":"en-US","@id":"https:\/\/secure.gravatar.com\/avatar\/e49e40fca94d64cefb0345265b43635448a57214f7cfe8ccf331645c33b2cb32?s=96&d=mm&r=g","url":"https:\/\/secure.gravatar.com\/avatar\/e49e40fca94d64cefb0345265b43635448a57214f7cfe8ccf331645c33b2cb32?s=96&d=mm&r=g","contentUrl":"https:\/\/secure.gravatar.com\/avatar\/e49e40fca94d64cefb0345265b43635448a57214f7cfe8ccf331645c33b2cb32?s=96&d=mm&r=g","caption":"Adrienn Giay"},"sameAs":["https:\/\/yadra.hu","https:\/\/www.facebook.com\/profile.php?id=61583618986605"],"url":"https:\/\/yadra.hu\/en\/author\/adrigiay\/"}]}},"_links":{"self":[{"href":"https:\/\/yadra.hu\/en\/wp-json\/wp\/v2\/posts\/1899","targetHints":{"allow":["GET"]}}],"collection":[{"href":"https:\/\/yadra.hu\/en\/wp-json\/wp\/v2\/posts"}],"about":[{"href":"https:\/\/yadra.hu\/en\/wp-json\/wp\/v2\/types\/post"}],"author":[{"embeddable":true,"href":"https:\/\/yadra.hu\/en\/wp-json\/wp\/v2\/users\/1"}],"replies":[{"embeddable":true,"href":"https:\/\/yadra.hu\/en\/wp-json\/wp\/v2\/comments?post=1899"}],"version-history":[{"count":3,"href":"https:\/\/yadra.hu\/en\/wp-json\/wp\/v2\/posts\/1899\/revisions"}],"predecessor-version":[{"id":1905,"href":"https:\/\/yadra.hu\/en\/wp-json\/wp\/v2\/posts\/1899\/revisions\/1905"}],"wp:featuredmedia":[{"embeddable":true,"href":"https:\/\/yadra.hu\/en\/wp-json\/wp\/v2\/media\/1900"}],"wp:attachment":[{"href":"https:\/\/yadra.hu\/en\/wp-json\/wp\/v2\/media?parent=1899"}],"wp:term":[{"taxonomy":"category","embeddable":true,"href":"https:\/\/yadra.hu\/en\/wp-json\/wp\/v2\/categories?post=1899"},{"taxonomy":"post_tag","embeddable":true,"href":"https:\/\/yadra.hu\/en\/wp-json\/wp\/v2\/tags?post=1899"}],"curies":[{"name":"wp","href":"https:\/\/api.w.org\/{rel}","templated":true}]}}