{"id":1865,"date":"2026-06-15T11:59:08","date_gmt":"2026-06-15T09:59:08","guid":{"rendered":"https:\/\/yadra.hu\/?p=1865"},"modified":"2026-06-15T11:59:10","modified_gmt":"2026-06-15T09:59:10","slug":"logo-vagy-arculat-kisvallalkozasoknak","status":"publish","type":"post","link":"https:\/\/yadra.hu\/en\/logo-vagy-arculat-kisvallalkozasoknak\/","title":{"rendered":"Log\u00f3 vagy arculat? Kisv\u00e1llalkoz\u00e1sk\u00e9nt ez\u00e9rt nem \u00e9rdemes csak egy jelben gondolkodni"},"content":{"rendered":"<p class=\"wp-block-paragraph\">Log\u00f3 vagy arculat kisv\u00e1llalkoz\u00e1soknak? Ez az egyik leggyakoribb k\u00e9rd\u00e9s, amikor valaki elind\u00edtja a v\u00e1llalkoz\u00e1s\u00e1t, vagy r\u00e1j\u00f6n, hogy a megl\u00e9v\u0151 vizu\u00e1lis megjelen\u00e9se m\u00e1r nem igaz\u00e1n tartja egyben azt, amit k\u00e9pvisel.<\/p>\n\n\n\n<p class=\"wp-block-paragraph\">Sok v\u00e1llalkoz\u00e1s ott kezdi a m\u00e1rka\u00e9p\u00edt\u00e9st, hogy kell egy log\u00f3.<\/p>\n\n\n\n<p class=\"wp-block-paragraph\">Teljesen \u00e9rthet\u0151. A log\u00f3 l\u00e1tv\u00e1nyos, k\u00e9zzelfoghat\u00f3, fel lehet tenni a weboldalra, n\u00e9vjegyk\u00e1rty\u00e1ra, Instagram profilk\u00e9pre, sz\u00e1ml\u00e1ra, matric\u00e1ra, csomagol\u00e1sra. Olyan, mintha v\u00e9gre lenne arca a v\u00e1llalkoz\u00e1snak.<\/p>\n\n\n\n<p class=\"wp-block-paragraph\">Csakhogy a log\u00f3 \u00f6nmag\u00e1ban m\u00e9g nem arculat.<\/p>\n\n\n\n<p class=\"wp-block-paragraph\">Egy log\u00f3 ink\u00e1bb egy kiindul\u00f3pont. Fontos r\u00e9sze a vizu\u00e1lis megjelen\u00e9snek, de nem \u0151 tartja egyben az eg\u00e9sz m\u00e1rk\u00e1t. Att\u00f3l, hogy van egy sz\u00e9p jel, m\u00e9g nem biztos, hogy a weboldalad, a k\u00f6z\u00f6ss\u00e9gi fel\u00fcleteid, az aj\u00e1nlatod, a prezent\u00e1ci\u00f3d vagy ak\u00e1r egy egyszer\u0171 TikTok vide\u00f3d ugyanazt az \u00e9rz\u00e9st adja vissza.<\/p>\n\n\n\n<p class=\"wp-block-paragraph\">\u00c9s \u00e1ltal\u00e1ban itt kezd\u0151dik a k\u00e1osz.<\/p>\n\n\n\n<h2 class=\"wp-block-heading\">Mi a k\u00fcl\u00f6nbs\u00e9g a log\u00f3 \u00e9s az arculat k\u00f6z\u00f6tt?<\/h2>\n\n\n\n<p class=\"wp-block-paragraph\">A log\u00f3 egy azonos\u00edt\u00f3 jel. Seg\u00edt felismerni a v\u00e1llalkoz\u00e1sodat.<\/p>\n\n\n\n<p class=\"wp-block-paragraph\">Az arculat viszont egy teljes vizu\u00e1lis rendszer. Meghat\u00e1rozza, hogyan n\u00e9zzen ki \u00e9s milyen hangulatot k\u00f6zvet\u00edtsen a m\u00e1rk\u00e1d k\u00fcl\u00f6nb\u00f6z\u0151 fel\u00fcleteken.<\/p>\n\n\n\n<p class=\"wp-block-paragraph\">Ide tartozhat p\u00e9ld\u00e1ul:<\/p>\n\n\n\n<p class=\"wp-block-paragraph\">\u2022 log\u00f3verzi\u00f3k<br>\u2022 sz\u00ednek<br>\u2022 bet\u0171t\u00edpusok<br>\u2022 k\u00e9pi vil\u00e1g<br>\u2022 grafikai elemek<br>\u2022 ikonok<br>\u2022 k\u00f6z\u00f6ss\u00e9gi m\u00e9dia sablonok<br>\u2022 weboldalon haszn\u00e1lt vizu\u00e1lis szab\u00e1lyok<br>\u2022 hangulat \u00e9s \u00f6sszk\u00e9p<br>\u2022 haszn\u00e1lati ir\u00e1nyelvek<\/p>\n\n\n\n<p class=\"wp-block-paragraph\">Vagyis az arculat nem csak arr\u00f3l sz\u00f3l, hogy mi sz\u00e9p. Hanem arr\u00f3l is, hogy mi m\u0171k\u00f6dik k\u00f6vetkezetesen.<\/p>\n\n\n\n<p class=\"wp-block-paragraph\">Egy j\u00f3l fel\u00e9p\u00edtett arculat seg\u00edt abban, hogy ne kelljen minden egyes posztn\u00e1l, aj\u00e1nlatn\u00e1l vagy weboldal szekci\u00f3n\u00e1l \u00fajra kital\u00e1lni, hogyan is n\u00e9zzen ki a v\u00e1llalkoz\u00e1sod.<\/p>\n\n\n\n<h2 class=\"wp-block-heading\">Mi\u00e9rt nincs igaz\u00e1n k\u00fcl\u00f6n log\u00f3?<\/h2>\n\n\n\n<p class=\"wp-block-paragraph\">Persze technikailag lehet k\u00fcl\u00f6n log\u00f3d. S\u0151t, sok v\u00e1llalkoz\u00e1s \u00edgy indul.<\/p>\n\n\n\n<p class=\"wp-block-paragraph\">De egy log\u00f3 \u00f6nmag\u00e1ban ritk\u00e1n tud el\u00e9g kontextust adni.<\/p>\n\n\n\n<p class=\"wp-block-paragraph\">K\u00e9pzeld el, hogy megkapod a log\u00f3dat h\u00e1rom f\u00e1jlban. Sz\u00e9p, tetszik, m\u0171k\u00f6dik. Azt\u00e1n j\u00f6nnek a k\u00e9rd\u00e9sek.<\/p>\n\n\n\n<p class=\"wp-block-paragraph\">Milyen h\u00e1tt\u00e9ren haszn\u00e1lhatod?<br>Milyen sz\u00ednnel p\u00e1ros\u00edtsd?<br>Milyen bet\u0171t\u00edpust tegy\u00e9l mell\u00e9?<br>Milyen legyen az Instagram posztod?<br>A weboldalon mekkora legyen?<br>Mi t\u00f6rt\u00e9nik, ha s\u00f6t\u00e9t h\u00e1tt\u00e9rre ker\u00fcl?<br>Mi van akkor, ha profilk\u00e9pk\u00e9nt t\u00fal apr\u00f3?<br>Hogyan n\u00e9zzen ki egy \u00e1raj\u00e1nlat vagy let\u00f6lthet\u0151 PDF?<\/p>\n\n\n\n<p class=\"wp-block-paragraph\">Ha ezekre nincs v\u00e1lasz, akkor minden d\u00f6nt\u00e9s eseti lesz. Egy ideig ez m\u0171k\u00f6dhet, de hamar sz\u00e9tesik az \u00f6sszk\u00e9p.<\/p>\n\n\n\n<p class=\"wp-block-paragraph\">Ez\u00e9rt \u00e9rdemes a log\u00f3ra nem k\u00fcl\u00f6n\u00e1ll\u00f3 elemk\u00e9nt gondolni, hanem egy arculati rendszer r\u00e9szek\u00e9nt.<\/p>\n\n\n\n<h2 class=\"wp-block-heading\">Mi az az arculati k\u00e9zik\u00f6nyv vagy brand book?<\/h2>\n\n\n\n<p class=\"wp-block-paragraph\">Az arculati k\u00e9zik\u00f6nyv nem egy t\u00falbonyol\u00edtott, fi\u00f3knak k\u00e9sz\u00fcl\u0151 dokumentum.<\/p>\n\n\n\n<p class=\"wp-block-paragraph\">Legal\u00e1bbis nem annak kellene lennie.<\/p>\n\n\n\n<p class=\"wp-block-paragraph\">J\u00f3 esetben egy haszn\u00e1lhat\u00f3 \u00fatmutat\u00f3, ami seg\u00edt neked, a csapatodnak, a webdesignernek, a nyomd\u00e1nak vagy ak\u00e1r egy k\u00e9s\u0151bbi social media menedzsernek abban, hogy a m\u00e1rk\u00e1d mindig felismerhet\u0151 maradjon.<\/p>\n\n\n\n<p class=\"wp-block-paragraph\">Egy brand book megmutatja, hogyan haszn\u00e1ld j\u00f3l az arculatodat.<\/p>\n\n\n\n<p class=\"wp-block-paragraph\">Nem az\u00e9rt, hogy korl\u00e1tozzon. Ink\u00e1bb az\u00e9rt, hogy legyen mihez ny\u00falni, amikor gyorsan kell d\u00f6nteni.<\/p>\n\n\n\n<p class=\"wp-block-paragraph\">P\u00e9ld\u00e1ul amikor \u00faj WordPress weboldal k\u00e9sz\u00fcl. Vagy amikor friss\u00edten\u00e9d a megl\u00e9v\u0151 oldaladat, \u00e9s nem szeretn\u00e9d, hogy a diz\u00e1jn csak nagyj\u00e1b\u00f3l passzoljon a v\u00e1llalkoz\u00e1sodhoz.<\/p>\n\n\n\n<h2 class=\"wp-block-heading\">Kinek fontos ez?<\/h2>\n\n\n\n<p class=\"wp-block-paragraph\">Annak is, akinek m\u00e1r van log\u00f3ja.<\/p>\n\n\n\n<p class=\"wp-block-paragraph\">Lehet, hogy szereted a log\u00f3dat, de k\u00f6zben \u00e9rzed, hogy a vizu\u00e1lis megjelen\u00e9sed nincs teljesen \u00f6sszerakva. A posztok m\u00e1s hangulat\u00faak, a weboldal kicsit k\u00fcl\u00f6n \u00e9letet \u00e9l, az aj\u00e1nlatok nem egys\u00e9gesek, a sz\u00ednek mindig m\u00e1shogy siker\u00fclnek.<\/p>\n\n\n\n<p class=\"wp-block-paragraph\">Ilyenkor nem felt\u00e9tlen\u00fcl kell mindent kidobni. Sokszor el\u00e9g rendszerbe tenni azt, ami m\u00e1r megvan, \u00e9s kieg\u00e9sz\u00edteni azokkal az elemekkel, amik hi\u00e1nyoznak.<\/p>\n\n\n\n<p class=\"wp-block-paragraph\">\u00c9s annak is fontos, akinek m\u00e9g semmije sincs.<\/p>\n\n\n\n<p class=\"wp-block-paragraph\">Ha most ind\u00edtod a v\u00e1llalkoz\u00e1sod, akkor az arculat seg\u00edt abban, hogy ne csak valami sz\u00e9pet kapj, hanem egy olyan vizu\u00e1lis alapot, amire k\u00e9s\u0151bb weboldalt, k\u00f6z\u00f6ss\u00e9gi kommunik\u00e1ci\u00f3t \u00e9s teljes m\u00e1rkajelenl\u00e9tet lehet \u00e9p\u00edteni.<\/p>\n\n\n\n<p class=\"wp-block-paragraph\">Nem kell els\u0151re \u00f3ri\u00e1si m\u00e1rkarendszerben gondolkodni. De j\u00f3, ha van egy tudatos alap.<\/p>\n\n\n\n<h2 class=\"wp-block-heading\">Hogyan lehet j\u00f3l haszn\u00e1lni az arculati k\u00e9zik\u00f6nyvet?<\/h2>\n\n\n\n<p class=\"wp-block-paragraph\">A brand book akkor m\u0171k\u00f6dik igaz\u00e1n, ha nem csak elk\u00e9sz\u00fcl, hanem el\u0151 is ker\u00fcl.<\/p>\n\n\n\n<p class=\"wp-block-paragraph\">Haszn\u00e1lhatod p\u00e9ld\u00e1ul akkor, amikor:<\/p>\n\n\n\n<p class=\"wp-block-paragraph\">\u2022 \u00faj posztot k\u00e9sz\u00edtesz<br>\u2022 weboldalt tervezel vagy terveztetsz<br>\u2022 prezent\u00e1ci\u00f3t raksz \u00f6ssze<br>\u2022 aj\u00e1nlatot k\u00fcldesz<br>\u2022 csomagol\u00e1st vagy nyomtatott anyagot k\u00e9sz\u00edtesz<br>\u2022 \u00faj munkat\u00e1rsnak vagy alv\u00e1llalkoz\u00f3nak adsz vizu\u00e1lis ir\u00e1nymutat\u00e1st<br>\u2022 vide\u00f3s tartalmat gy\u00e1rtasz TikTokra vagy Reelsre<\/p>\n\n\n\n<p class=\"wp-block-paragraph\">A k\u00f6z\u00f6ss\u00e9gi m\u00e9dia k\u00fcl\u00f6n\u00f6sen j\u00f3 p\u00e9lda erre. Egy p\u00e1r m\u00e1sodperces vide\u00f3n\u00e1l is sz\u00e1m\u00edt, hogy milyen bet\u0171t\u00edpust haszn\u00e1lsz, milyen sz\u00ednekkel dolgozol, hogyan jelenik meg a m\u00e1rk\u00e1d. Inspir\u00e1ci\u00f3\u00e9rt \u00e9rdemes n\u00e9ha k\u00f6r\u00fcln\u00e9zni p\u00e9ld\u00e1ul <a href=\"https:\/\/www.tiktok.com\/@yadra.studio\">TikTokon<\/a>, de a l\u00e9nyeg nem az, hogy lem\u00e1solj egy trendet, hanem hogy a saj\u00e1t arculatodon kereszt\u00fcl tudd haszn\u00e1lni.<\/p>\n\n\n\n<h2 class=\"wp-block-heading\">Mit\u0151l lesz praktikus egy brand book?<\/h2>\n\n\n\n<p class=\"wp-block-paragraph\">Att\u00f3l, hogy \u00e9rthet\u0151.<\/p>\n\n\n\n<p class=\"wp-block-paragraph\">Nem kell tele lennie bonyolult szakmai kifejez\u00e9sekkel. Az a j\u00f3, ha r\u00e1n\u00e9zel, \u00e9s tudod, mit kell csin\u00e1lni.<\/p>\n\n\n\n<p class=\"wp-block-paragraph\">Egy haszn\u00e1lhat\u00f3 arculati k\u00e9zik\u00f6nyv v\u00e1laszt ad p\u00e9ld\u00e1ul ezekre:<\/p>\n\n\n\n<p class=\"wp-block-paragraph\">Melyik log\u00f3verzi\u00f3t mikor haszn\u00e1ljam?<br>Mik a m\u00e1rka f\u0151 sz\u00ednei?<br>Milyen bet\u0171t\u00edpusokkal dolgozzak?<br>Milyen hangulat\u00fa k\u00e9pek illenek a m\u00e1rk\u00e1hoz?<br>Milyen elemeket ker\u00fcljek?<br>Hogyan n\u00e9zzen ki egys\u00e9gesen egy online fel\u00fclet?<br>Milyen vizu\u00e1lis ir\u00e1nyt k\u00f6vessen a WordPress weboldal?<\/p>\n\n\n\n<p class=\"wp-block-paragraph\">Ett\u0151l lesz az arculat nem csak sz\u00e9p, hanem haszn\u00e1lhat\u00f3.<\/p>\n\n\n\n<h2 class=\"wp-block-heading\">A k\u00f6vetkezetess\u00e9g nem unalmas<\/h2>\n\n\n\n<p class=\"wp-block-paragraph\">Sokan att\u00f3l tartanak, hogy ha t\u00fal pontos az arculat, akkor minden egyforma lesz.<\/p>\n\n\n\n<p class=\"wp-block-paragraph\">Pedig a k\u00f6vetkezetess\u00e9g nem azt jelenti, hogy mindig ugyanazt kell csin\u00e1lni. Ink\u00e1bb azt jelenti, hogy minden ugyanabb\u00f3l a vil\u00e1gb\u00f3l \u00e9rkezik.<\/p>\n\n\n\n<p class=\"wp-block-paragraph\">Lehet v\u00e1ltozatos a kommunik\u00e1ci\u00f3d. Lehetnek kamp\u00e1nyaid, szezon\u00e1lis anyagaid, \u00faj fot\u00f3id, friss posztjaid. De k\u00f6zben j\u00f3, ha van egy stabil vizu\u00e1lis alap, amit\u0151l az emberek felismerik, hogy ez te vagy.<\/p>\n\n\n\n<p class=\"wp-block-paragraph\">Ez kisv\u00e1llalkoz\u00e1sk\u00e9nt k\u00fcl\u00f6n\u00f6sen fontos.<\/p>\n\n\n\n<p class=\"wp-block-paragraph\">Nem az\u00e9rt, mert nagyobbnak kell l\u00e1tszanod, mint amekkora vagy. Hanem mert j\u00f3, ha m\u00e1r az els\u0151 benyom\u00e1sb\u00f3l \u00e9rz\u0151dik, hogy tudatosan \u00e9p\u00edted, amit csin\u00e1lsz.<\/p>\n\n\n\n<h2 class=\"wp-block-heading\">Mikor \u00e9rdemes arculatban gondolkodni?<\/h2>\n\n\n\n<p class=\"wp-block-paragraph\">Akkor, ha most indulsz, \u00e9s szeretn\u00e9d j\u00f3l megalapozni a m\u00e1rk\u00e1dat.<\/p>\n\n\n\n<p class=\"wp-block-paragraph\">Akkor is, ha m\u00e1r m\u0171k\u00f6dik a v\u00e1llalkoz\u00e1sod, de a vizu\u00e1lis megjelen\u00e9sed kicsit \u00f6sszevissza lett az \u00e9vek alatt.<\/p>\n\n\n\n<p class=\"wp-block-paragraph\">\u00c9s akkor is, ha weboldal el\u0151tt \u00e1llsz. Egy WordPress weboldal sokkal er\u0151sebb lesz, ha nem csak oldalakban \u00e9s gombokban gondolkodunk, hanem m\u00e1rka\u00e9lm\u00e9nyben is. \u00cdgy a design nem k\u00fcl\u00f6n r\u00e9teg lesz, hanem a v\u00e1llalkoz\u00e1sod term\u00e9szetes folytat\u00e1sa.<\/p>\n\n\n\n<p class=\"wp-block-paragraph\">Ha \u00fagy \u00e9rzed, hogy a log\u00f3d megvan, de az \u00f6sszk\u00e9p m\u00e9g nem \u00e1llt \u00f6ssze, vagy most v\u00e1gn\u00e1l bele a m\u00e1rka\u00e9p\u00edt\u00e9sbe, n\u00e9zd meg a <a href=\"https:\/\/yadra.hu\/en\/#szolgaltatasaim\" type=\"link\" id=\"https:\/\/yadra.hu\/#szolgaltatasaim\">szolg\u00e1ltat\u00e1saimat<\/a>, vagy \u00edrj a <a href=\"https:\/\/yadra.hu\/en\/#kapcsolat\" type=\"link\" id=\"https:\/\/yadra.hu\/#kapcsolat\">kapcsolati f\u00fcln\u00e9l<\/a>.<\/p>\n\n\n\n<p class=\"wp-block-paragraph\">Nem kell mindent egyszerre tudnod. El\u00e9g, ha van egy j\u00f3 alap, amire lehet \u00e9p\u00edteni.<\/p>","protected":false},"excerpt":{"rendered":"<p>Log\u00f3 vagy arculat kisv\u00e1llalkoz\u00e1soknak? Ez az egyik leggyakoribb k\u00e9rd\u00e9s, amikor valaki elind\u00edtja a v\u00e1llalkoz\u00e1s\u00e1t, vagy r\u00e1j\u00f6n, hogy a megl\u00e9v\u0151 vizu\u00e1lis megjelen\u00e9se m\u00e1r nem igaz\u00e1n tartja egyben azt, amit k\u00e9pvisel. Sok v\u00e1llalkoz\u00e1s ott kezdi a m\u00e1rka\u00e9p\u00edt\u00e9st, hogy kell egy log\u00f3. Teljesen \u00e9rthet\u0151. A log\u00f3 l\u00e1tv\u00e1nyos, k\u00e9zzelfoghat\u00f3, fel lehet tenni a weboldalra, n\u00e9vjegyk\u00e1rty\u00e1ra, Instagram profilk\u00e9pre, sz\u00e1ml\u00e1ra, matric\u00e1ra, [&hellip;]<\/p>\n","protected":false},"author":1,"featured_media":1841,"comment_status":"open","ping_status":"open","sticky":false,"template":"","format":"standard","meta":{"footnotes":""},"categories":[1],"tags":[],"class_list":["post-1865","post","type-post","status-publish","format-standard","has-post-thumbnail","hentry","category-egyeb"],"yoast_head":"<!-- This site is optimized with the Yoast SEO plugin v28.3 - https:\/\/yoast.com\/product\/yoast-seo-wordpress\/ -->\n<title>Log\u00f3 vagy arculat | Mi\u00e9rt nem el\u00e9g csak egy log\u00f3?<\/title>\n<meta name=\"description\" content=\"Log\u00f3 vagy arculat kisv\u00e1llalkoz\u00e1soknak? Megmutatom, mi\u00e9rt nem el\u00e9g \u00f6nmag\u00e1ban egy log\u00f3 \u00e9s mire j\u00f3 az arculati k\u00e9zik\u00f6nyv vagy brand book.\" \/>\n<meta name=\"robots\" content=\"index, follow, max-snippet:-1, max-image-preview:large, max-video-preview:-1\" \/>\n<link rel=\"canonical\" href=\"https:\/\/yadra.hu\/en\/logo-vagy-arculat-kisvallalkozasoknak\/\" \/>\n<meta property=\"og:locale\" content=\"en_US\" \/>\n<meta property=\"og:type\" content=\"article\" \/>\n<meta property=\"og:title\" content=\"Log\u00f3 vagy arculat | Mi\u00e9rt nem el\u00e9g csak egy log\u00f3?\" \/>\n<meta property=\"og:description\" content=\"Log\u00f3 vagy arculat kisv\u00e1llalkoz\u00e1soknak? Megmutatom, mi\u00e9rt nem el\u00e9g \u00f6nmag\u00e1ban egy log\u00f3 \u00e9s mire j\u00f3 az arculati k\u00e9zik\u00f6nyv vagy brand book.\" \/>\n<meta property=\"og:url\" content=\"https:\/\/yadra.hu\/en\/logo-vagy-arculat-kisvallalkozasoknak\/\" \/>\n<meta property=\"og:site_name\" content=\"Yadra\" \/>\n<meta property=\"article:author\" content=\"https:\/\/www.facebook.com\/profile.php?id=61583618986605\" \/>\n<meta property=\"article:published_time\" content=\"2026-06-15T09:59:08+00:00\" \/>\n<meta property=\"article:modified_time\" content=\"2026-06-15T09:59:10+00:00\" \/>\n<meta property=\"og:image\" content=\"https:\/\/yadra.hu\/wp-content\/uploads\/2026\/06\/Fleurish-brand-ki-1024x611.png\" \/>\n\t<meta property=\"og:image:width\" content=\"1024\" \/>\n\t<meta property=\"og:image:height\" content=\"611\" \/>\n\t<meta property=\"og:image:type\" content=\"image\/png\" \/>\n<meta name=\"author\" content=\"Adrienn Giay\" \/>\n<meta name=\"twitter:card\" content=\"summary_large_image\" \/>\n<meta name=\"twitter:label1\" content=\"Written by\" \/>\n\t<meta name=\"twitter:data1\" content=\"Adrienn Giay\" \/>\n\t<meta name=\"twitter:label2\" content=\"Est. reading time\" \/>\n\t<meta name=\"twitter:data2\" content=\"6 minutes\" \/>\n<script type=\"application\/ld+json\" class=\"yoast-schema-graph\">{\"@context\":\"https:\\\/\\\/schema.org\",\"@graph\":[{\"@type\":\"Article\",\"@id\":\"https:\\\/\\\/yadra.hu\\\/logo-vagy-arculat-kisvallalkozasoknak\\\/#article\",\"isPartOf\":{\"@id\":\"https:\\\/\\\/yadra.hu\\\/logo-vagy-arculat-kisvallalkozasoknak\\\/\"},\"author\":{\"name\":\"Adrienn Giay\",\"@id\":\"https:\\\/\\\/yadra.hu\\\/#\\\/schema\\\/person\\\/cabe01be9c7eb71c3c49f6db08833462\"},\"headline\":\"Log\u00f3 vagy arculat? Kisv\u00e1llalkoz\u00e1sk\u00e9nt ez\u00e9rt nem \u00e9rdemes csak egy jelben gondolkodni\",\"datePublished\":\"2026-06-15T09:59:08+00:00\",\"dateModified\":\"2026-06-15T09:59:10+00:00\",\"mainEntityOfPage\":{\"@id\":\"https:\\\/\\\/yadra.hu\\\/logo-vagy-arculat-kisvallalkozasoknak\\\/\"},\"wordCount\":1375,\"commentCount\":0,\"publisher\":{\"@id\":\"https:\\\/\\\/yadra.hu\\\/#organization\"},\"image\":{\"@id\":\"https:\\\/\\\/yadra.hu\\\/logo-vagy-arculat-kisvallalkozasoknak\\\/#primaryimage\"},\"thumbnailUrl\":\"https:\\\/\\\/yadra.hu\\\/wp-content\\\/uploads\\\/2026\\\/06\\\/Fleurish-brand-ki-scaled.png\",\"articleSection\":[\"Egy\u00e9b\"],\"inLanguage\":\"en-US\",\"potentialAction\":[{\"@type\":\"CommentAction\",\"name\":\"Comment\",\"target\":[\"https:\\\/\\\/yadra.hu\\\/logo-vagy-arculat-kisvallalkozasoknak\\\/#respond\"]}]},{\"@type\":\"WebPage\",\"@id\":\"https:\\\/\\\/yadra.hu\\\/logo-vagy-arculat-kisvallalkozasoknak\\\/\",\"url\":\"https:\\\/\\\/yadra.hu\\\/logo-vagy-arculat-kisvallalkozasoknak\\\/\",\"name\":\"Log\u00f3 vagy arculat | Mi\u00e9rt nem el\u00e9g csak egy log\u00f3?\",\"isPartOf\":{\"@id\":\"https:\\\/\\\/yadra.hu\\\/#website\"},\"primaryImageOfPage\":{\"@id\":\"https:\\\/\\\/yadra.hu\\\/logo-vagy-arculat-kisvallalkozasoknak\\\/#primaryimage\"},\"image\":{\"@id\":\"https:\\\/\\\/yadra.hu\\\/logo-vagy-arculat-kisvallalkozasoknak\\\/#primaryimage\"},\"thumbnailUrl\":\"https:\\\/\\\/yadra.hu\\\/wp-content\\\/uploads\\\/2026\\\/06\\\/Fleurish-brand-ki-scaled.png\",\"datePublished\":\"2026-06-15T09:59:08+00:00\",\"dateModified\":\"2026-06-15T09:59:10+00:00\",\"description\":\"Log\u00f3 vagy arculat kisv\u00e1llalkoz\u00e1soknak? Megmutatom, mi\u00e9rt nem el\u00e9g \u00f6nmag\u00e1ban egy log\u00f3 \u00e9s mire j\u00f3 az arculati k\u00e9zik\u00f6nyv vagy brand book.\",\"breadcrumb\":{\"@id\":\"https:\\\/\\\/yadra.hu\\\/logo-vagy-arculat-kisvallalkozasoknak\\\/#breadcrumb\"},\"inLanguage\":\"en-US\",\"potentialAction\":[{\"@type\":\"ReadAction\",\"target\":[\"https:\\\/\\\/yadra.hu\\\/logo-vagy-arculat-kisvallalkozasoknak\\\/\"]}]},{\"@type\":\"ImageObject\",\"inLanguage\":\"en-US\",\"@id\":\"https:\\\/\\\/yadra.hu\\\/logo-vagy-arculat-kisvallalkozasoknak\\\/#primaryimage\",\"url\":\"https:\\\/\\\/yadra.hu\\\/wp-content\\\/uploads\\\/2026\\\/06\\\/Fleurish-brand-ki-scaled.png\",\"contentUrl\":\"https:\\\/\\\/yadra.hu\\\/wp-content\\\/uploads\\\/2026\\\/06\\\/Fleurish-brand-ki-scaled.png\",\"width\":2560,\"height\":1527},{\"@type\":\"BreadcrumbList\",\"@id\":\"https:\\\/\\\/yadra.hu\\\/logo-vagy-arculat-kisvallalkozasoknak\\\/#breadcrumb\",\"itemListElement\":[{\"@type\":\"ListItem\",\"position\":1,\"name\":\"Kezd\u0151lap\",\"item\":\"https:\\\/\\\/yadra.hu\\\/\"},{\"@type\":\"ListItem\",\"position\":2,\"name\":\"Log\u00f3 vagy arculat? Kisv\u00e1llalkoz\u00e1sk\u00e9nt ez\u00e9rt nem \u00e9rdemes csak egy jelben gondolkodni\"}]},{\"@type\":\"WebSite\",\"@id\":\"https:\\\/\\\/yadra.hu\\\/#website\",\"url\":\"https:\\\/\\\/yadra.hu\\\/\",\"name\":\"Yadra\",\"description\":\"Min\u0151s\u00e9gi weboldal, a m\u00e1rk\u00e1d st\u00edlus\u00e1ra szabva\",\"publisher\":{\"@id\":\"https:\\\/\\\/yadra.hu\\\/#organization\"},\"potentialAction\":[{\"@type\":\"SearchAction\",\"target\":{\"@type\":\"EntryPoint\",\"urlTemplate\":\"https:\\\/\\\/yadra.hu\\\/?s={search_term_string}\"},\"query-input\":{\"@type\":\"PropertyValueSpecification\",\"valueRequired\":true,\"valueName\":\"search_term_string\"}}],\"inLanguage\":\"en-US\"},{\"@type\":\"Organization\",\"@id\":\"https:\\\/\\\/yadra.hu\\\/#organization\",\"name\":\"Yadra\",\"url\":\"https:\\\/\\\/yadra.hu\\\/\",\"logo\":{\"@type\":\"ImageObject\",\"inLanguage\":\"en-US\",\"@id\":\"https:\\\/\\\/yadra.hu\\\/#\\\/schema\\\/logo\\\/image\\\/\",\"url\":\"https:\\\/\\\/yadra.hu\\\/wp-content\\\/uploads\\\/2025\\\/05\\\/yadra-logo.svg\",\"contentUrl\":\"https:\\\/\\\/yadra.hu\\\/wp-content\\\/uploads\\\/2025\\\/05\\\/yadra-logo.svg\",\"caption\":\"Yadra\"},\"image\":{\"@id\":\"https:\\\/\\\/yadra.hu\\\/#\\\/schema\\\/logo\\\/image\\\/\"}},{\"@type\":\"Person\",\"@id\":\"https:\\\/\\\/yadra.hu\\\/#\\\/schema\\\/person\\\/cabe01be9c7eb71c3c49f6db08833462\",\"name\":\"Adrienn Giay\",\"image\":{\"@type\":\"ImageObject\",\"inLanguage\":\"en-US\",\"@id\":\"https:\\\/\\\/secure.gravatar.com\\\/avatar\\\/e49e40fca94d64cefb0345265b43635448a57214f7cfe8ccf331645c33b2cb32?s=96&d=mm&r=g\",\"url\":\"https:\\\/\\\/secure.gravatar.com\\\/avatar\\\/e49e40fca94d64cefb0345265b43635448a57214f7cfe8ccf331645c33b2cb32?s=96&d=mm&r=g\",\"contentUrl\":\"https:\\\/\\\/secure.gravatar.com\\\/avatar\\\/e49e40fca94d64cefb0345265b43635448a57214f7cfe8ccf331645c33b2cb32?s=96&d=mm&r=g\",\"caption\":\"Adrienn Giay\"},\"sameAs\":[\"https:\\\/\\\/yadra.hu\",\"https:\\\/\\\/www.facebook.com\\\/profile.php?id=61583618986605\"],\"url\":\"https:\\\/\\\/yadra.hu\\\/en\\\/author\\\/adrigiay\\\/\"}]}<\/script>\n<!-- \/ Yoast SEO plugin. -->","yoast_head_json":{"title":"Log\u00f3 vagy arculat | Mi\u00e9rt nem el\u00e9g csak egy log\u00f3?","description":"Log\u00f3 vagy arculat kisv\u00e1llalkoz\u00e1soknak? Megmutatom, mi\u00e9rt nem el\u00e9g \u00f6nmag\u00e1ban egy log\u00f3 \u00e9s mire j\u00f3 az arculati k\u00e9zik\u00f6nyv vagy brand book.","robots":{"index":"index","follow":"follow","max-snippet":"max-snippet:-1","max-image-preview":"max-image-preview:large","max-video-preview":"max-video-preview:-1"},"canonical":"https:\/\/yadra.hu\/en\/logo-vagy-arculat-kisvallalkozasoknak\/","og_locale":"en_US","og_type":"article","og_title":"Log\u00f3 vagy arculat | Mi\u00e9rt nem el\u00e9g csak egy log\u00f3?","og_description":"Log\u00f3 vagy arculat kisv\u00e1llalkoz\u00e1soknak? Megmutatom, mi\u00e9rt nem el\u00e9g \u00f6nmag\u00e1ban egy log\u00f3 \u00e9s mire j\u00f3 az arculati k\u00e9zik\u00f6nyv vagy brand book.","og_url":"https:\/\/yadra.hu\/en\/logo-vagy-arculat-kisvallalkozasoknak\/","og_site_name":"Yadra","article_author":"https:\/\/www.facebook.com\/profile.php?id=61583618986605","article_published_time":"2026-06-15T09:59:08+00:00","article_modified_time":"2026-06-15T09:59:10+00:00","og_image":[{"width":1024,"height":611,"url":"https:\/\/yadra.hu\/wp-content\/uploads\/2026\/06\/Fleurish-brand-ki-1024x611.png","type":"image\/png"}],"author":"Adrienn Giay","twitter_card":"summary_large_image","twitter_misc":{"Written by":"Adrienn Giay","Est. reading time":"6 minutes"},"schema":{"@context":"https:\/\/schema.org","@graph":[{"@type":"Article","@id":"https:\/\/yadra.hu\/logo-vagy-arculat-kisvallalkozasoknak\/#article","isPartOf":{"@id":"https:\/\/yadra.hu\/logo-vagy-arculat-kisvallalkozasoknak\/"},"author":{"name":"Adrienn Giay","@id":"https:\/\/yadra.hu\/#\/schema\/person\/cabe01be9c7eb71c3c49f6db08833462"},"headline":"Log\u00f3 vagy arculat? Kisv\u00e1llalkoz\u00e1sk\u00e9nt ez\u00e9rt nem \u00e9rdemes csak egy jelben gondolkodni","datePublished":"2026-06-15T09:59:08+00:00","dateModified":"2026-06-15T09:59:10+00:00","mainEntityOfPage":{"@id":"https:\/\/yadra.hu\/logo-vagy-arculat-kisvallalkozasoknak\/"},"wordCount":1375,"commentCount":0,"publisher":{"@id":"https:\/\/yadra.hu\/#organization"},"image":{"@id":"https:\/\/yadra.hu\/logo-vagy-arculat-kisvallalkozasoknak\/#primaryimage"},"thumbnailUrl":"https:\/\/yadra.hu\/wp-content\/uploads\/2026\/06\/Fleurish-brand-ki-scaled.png","articleSection":["Egy\u00e9b"],"inLanguage":"en-US","potentialAction":[{"@type":"CommentAction","name":"Comment","target":["https:\/\/yadra.hu\/logo-vagy-arculat-kisvallalkozasoknak\/#respond"]}]},{"@type":"WebPage","@id":"https:\/\/yadra.hu\/logo-vagy-arculat-kisvallalkozasoknak\/","url":"https:\/\/yadra.hu\/logo-vagy-arculat-kisvallalkozasoknak\/","name":"Log\u00f3 vagy arculat | Mi\u00e9rt nem el\u00e9g csak egy log\u00f3?","isPartOf":{"@id":"https:\/\/yadra.hu\/#website"},"primaryImageOfPage":{"@id":"https:\/\/yadra.hu\/logo-vagy-arculat-kisvallalkozasoknak\/#primaryimage"},"image":{"@id":"https:\/\/yadra.hu\/logo-vagy-arculat-kisvallalkozasoknak\/#primaryimage"},"thumbnailUrl":"https:\/\/yadra.hu\/wp-content\/uploads\/2026\/06\/Fleurish-brand-ki-scaled.png","datePublished":"2026-06-15T09:59:08+00:00","dateModified":"2026-06-15T09:59:10+00:00","description":"Log\u00f3 vagy arculat kisv\u00e1llalkoz\u00e1soknak? Megmutatom, mi\u00e9rt nem el\u00e9g \u00f6nmag\u00e1ban egy log\u00f3 \u00e9s mire j\u00f3 az arculati k\u00e9zik\u00f6nyv vagy brand book.","breadcrumb":{"@id":"https:\/\/yadra.hu\/logo-vagy-arculat-kisvallalkozasoknak\/#breadcrumb"},"inLanguage":"en-US","potentialAction":[{"@type":"ReadAction","target":["https:\/\/yadra.hu\/logo-vagy-arculat-kisvallalkozasoknak\/"]}]},{"@type":"ImageObject","inLanguage":"en-US","@id":"https:\/\/yadra.hu\/logo-vagy-arculat-kisvallalkozasoknak\/#primaryimage","url":"https:\/\/yadra.hu\/wp-content\/uploads\/2026\/06\/Fleurish-brand-ki-scaled.png","contentUrl":"https:\/\/yadra.hu\/wp-content\/uploads\/2026\/06\/Fleurish-brand-ki-scaled.png","width":2560,"height":1527},{"@type":"BreadcrumbList","@id":"https:\/\/yadra.hu\/logo-vagy-arculat-kisvallalkozasoknak\/#breadcrumb","itemListElement":[{"@type":"ListItem","position":1,"name":"Kezd\u0151lap","item":"https:\/\/yadra.hu\/"},{"@type":"ListItem","position":2,"name":"Log\u00f3 vagy arculat? Kisv\u00e1llalkoz\u00e1sk\u00e9nt ez\u00e9rt nem \u00e9rdemes csak egy jelben gondolkodni"}]},{"@type":"WebSite","@id":"https:\/\/yadra.hu\/#website","url":"https:\/\/yadra.hu\/","name":"Yadra","description":"Min\u0151s\u00e9gi weboldal, a m\u00e1rk\u00e1d st\u00edlus\u00e1ra szabva","publisher":{"@id":"https:\/\/yadra.hu\/#organization"},"potentialAction":[{"@type":"SearchAction","target":{"@type":"EntryPoint","urlTemplate":"https:\/\/yadra.hu\/?s={search_term_string}"},"query-input":{"@type":"PropertyValueSpecification","valueRequired":true,"valueName":"search_term_string"}}],"inLanguage":"en-US"},{"@type":"Organization","@id":"https:\/\/yadra.hu\/#organization","name":"Yadra","url":"https:\/\/yadra.hu\/","logo":{"@type":"ImageObject","inLanguage":"en-US","@id":"https:\/\/yadra.hu\/#\/schema\/logo\/image\/","url":"https:\/\/yadra.hu\/wp-content\/uploads\/2025\/05\/yadra-logo.svg","contentUrl":"https:\/\/yadra.hu\/wp-content\/uploads\/2025\/05\/yadra-logo.svg","caption":"Yadra"},"image":{"@id":"https:\/\/yadra.hu\/#\/schema\/logo\/image\/"}},{"@type":"Person","@id":"https:\/\/yadra.hu\/#\/schema\/person\/cabe01be9c7eb71c3c49f6db08833462","name":"Adrienn Giay","image":{"@type":"ImageObject","inLanguage":"en-US","@id":"https:\/\/secure.gravatar.com\/avatar\/e49e40fca94d64cefb0345265b43635448a57214f7cfe8ccf331645c33b2cb32?s=96&d=mm&r=g","url":"https:\/\/secure.gravatar.com\/avatar\/e49e40fca94d64cefb0345265b43635448a57214f7cfe8ccf331645c33b2cb32?s=96&d=mm&r=g","contentUrl":"https:\/\/secure.gravatar.com\/avatar\/e49e40fca94d64cefb0345265b43635448a57214f7cfe8ccf331645c33b2cb32?s=96&d=mm&r=g","caption":"Adrienn Giay"},"sameAs":["https:\/\/yadra.hu","https:\/\/www.facebook.com\/profile.php?id=61583618986605"],"url":"https:\/\/yadra.hu\/en\/author\/adrigiay\/"}]}},"_links":{"self":[{"href":"https:\/\/yadra.hu\/en\/wp-json\/wp\/v2\/posts\/1865","targetHints":{"allow":["GET"]}}],"collection":[{"href":"https:\/\/yadra.hu\/en\/wp-json\/wp\/v2\/posts"}],"about":[{"href":"https:\/\/yadra.hu\/en\/wp-json\/wp\/v2\/types\/post"}],"author":[{"embeddable":true,"href":"https:\/\/yadra.hu\/en\/wp-json\/wp\/v2\/users\/1"}],"replies":[{"embeddable":true,"href":"https:\/\/yadra.hu\/en\/wp-json\/wp\/v2\/comments?post=1865"}],"version-history":[{"count":1,"href":"https:\/\/yadra.hu\/en\/wp-json\/wp\/v2\/posts\/1865\/revisions"}],"predecessor-version":[{"id":1866,"href":"https:\/\/yadra.hu\/en\/wp-json\/wp\/v2\/posts\/1865\/revisions\/1866"}],"wp:featuredmedia":[{"embeddable":true,"href":"https:\/\/yadra.hu\/en\/wp-json\/wp\/v2\/media\/1841"}],"wp:attachment":[{"href":"https:\/\/yadra.hu\/en\/wp-json\/wp\/v2\/media?parent=1865"}],"wp:term":[{"taxonomy":"category","embeddable":true,"href":"https:\/\/yadra.hu\/en\/wp-json\/wp\/v2\/categories?post=1865"},{"taxonomy":"post_tag","embeddable":true,"href":"https:\/\/yadra.hu\/en\/wp-json\/wp\/v2\/tags?post=1865"}],"curies":[{"name":"wp","href":"https:\/\/api.w.org\/{rel}","templated":true}]}}